{"id":6066,"date":"2026-03-17T16:01:49","date_gmt":"2026-03-17T15:01:49","guid":{"rendered":"https:\/\/www.vibrasil.cz\/?p=6066"},"modified":"2026-03-17T16:09:33","modified_gmt":"2026-03-17T15:09:33","slug":"karneval-v-rio-de-janeiro","status":"publish","type":"post","link":"https:\/\/www.vibrasil.cz\/en\/carnival-in-rio-de-janeiro\/","title":{"rendered":"Carnival in Rio de Janeiro 2026!"},"content":{"rendered":"<p>The Carnival in Rio is a dream for every samba lover \u2013 and we had the chance to experience it to the fullest once again. <span class=\"html-span xexx8yu xyri2b x18d9i69 x1c1uobl x1hl2dhg x16tdsg8 x1vvkbs x3nfvp2 x1j61x8r x1fcty0u xdj266r xat24cr xm2jcoa x1mpyi22 xxymvpz xlup9mm x1kky2od\"><img loading=\"lazy\" decoding=\"async\" class=\"xz74otr x15mokao x1ga7v0g x16uus16 xbiv7yw\" src=\"https:\/\/static.xx.fbcdn.net\/images\/emoji.php\/v9\/tf4\/1\/16\/2728.png\" alt=\"\u2728\" width=\"16\" height=\"16\" \/><\/span><span class=\"html-span xexx8yu xyri2b x18d9i69 x1c1uobl x1hl2dhg x16tdsg8 x1vvkbs x3nfvp2 x1j61x8r x1fcty0u xdj266r xat24cr xm2jcoa x1mpyi22 xxymvpz xlup9mm x1kky2od\"><img loading=\"lazy\" decoding=\"async\" class=\"xz74otr x15mokao x1ga7v0g x16uus16 xbiv7yw\" src=\"https:\/\/static.xx.fbcdn.net\/images\/emoji.php\/v9\/t9\/1\/16\/1f1e7_1f1f7.png\" alt=\"\ud83c\udde7\ud83c\uddf7\" width=\"16\" height=\"16\" \/><\/span><\/p>\n<p>Six dancers from Vibrasil Samba Show had the incredible honor of becoming part of one of the greatest spectacles in the world &#8211; the Carnival in Rio de Janeiro. At the legendary Sambadrome Marqu\u00eas de Sapuca\u00ed, we danced in the parade of the samba school Inocentes de Belford Roxo, surrounded by thousands of dancers, musicians, stunning costumes, and an indescribable energy. Four dancers performed in the highly prestigious role of passistas, and two of them even danced as musas of the samba school.<\/p>\n<p>The rhythm of the drums, the lights, the stands full of spectators, and an atmosphere that cannot be put into words \u2013 it\u2019s a moment we will never forget.<\/p>\n<p>A big thank you goes to the organizers at @carnavalspin for the organization and the opportunity to be part of this incredible experience.<\/p>\n<p>Rio reminded us once again that samba is not just a dance. Samba is life. <span class=\"html-span xexx8yu xyri2b x18d9i69 x1c1uobl x1hl2dhg x16tdsg8 x1vvkbs x3nfvp2 x1j61x8r x1fcty0u xdj266r xat24cr xm2jcoa x1mpyi22 xxymvpz xlup9mm x1kky2od\"><img loading=\"lazy\" decoding=\"async\" class=\"xz74otr x15mokao x1ga7v0g x16uus16 xbiv7yw\" src=\"https:\/\/static.xx.fbcdn.net\/images\/emoji.php\/v9\/tc7\/1\/16\/1f483.png\" alt=\"\ud83d\udc83\" width=\"16\" height=\"16\" \/><\/span><span class=\"html-span xexx8yu xyri2b x18d9i69 x1c1uobl x1hl2dhg x16tdsg8 x1vvkbs x3nfvp2 x1j61x8r x1fcty0u xdj266r xat24cr xm2jcoa x1mpyi22 xxymvpz xlup9mm x1kky2od\"><img loading=\"lazy\" decoding=\"async\" class=\"xz74otr x15mokao x1ga7v0g x16uus16 xbiv7yw\" src=\"https:\/\/static.xx.fbcdn.net\/images\/emoji.php\/v9\/t8e\/1\/16\/1f941.png\" alt=\"\ud83e\udd41\" width=\"16\" height=\"16\" \/><\/span><\/p>\n<p>Photos are coming soon! <span class=\"x1xsqp64 xiy17q3 x1o6pynw x19co3pv xdj266r xjn30re xat24cr x1hb08if x2b8uid\" data-testid=\"emoji\"><span class=\"xexx8yu xcaqkgz x18d9i69 xbwkkl7 x3jgonx x1bhl96m\">\ud83d\udcf8<\/span><\/span><\/p>","protected":false},"excerpt":{"rendered":"<p>The Carnival in Rio is a dream for every samba lover \u2013 and we had the chance to experience it to the fullest once again. Six dancers from Vibrasil Samba Show had the incredible honor of becoming part of one of the greatest spectacles in the world &#8211; the Carnival in Rio de Janeiro. At&#8230; <\/p>\n<div class=\"clear\"><\/div>\n<p><a href=\"https:\/\/www.vibrasil.cz\/en\/carnival-in-rio-de-janeiro\/\" class=\"gdlr-button with-border excerpt-read-more\">Read More<\/a><\/p>\n","protected":false},"author":7,"featured_media":6067,"comment_status":"closed","ping_status":"open","sticky":false,"template":"","format":"standard","meta":{"footnotes":""},"categories":[1],"tags":[427,13,385,426,386,211],"yoast_head":"<!-- This site is optimized with the Yoast SEO plugin v24.5 - https:\/\/yoast.com\/wordpress\/plugins\/seo\/ -->\n<title>Carnival in Rio de Janeiro 2026! - ViBrasil Samba show<\/title>\n<meta name=\"robots\" content=\"index, follow, max-snippet:-1, max-image-preview:large, max-video-preview:-1\" \/>\n<link rel=\"canonical\" href=\"https:\/\/www.vibrasil.cz\/en\/carnival-in-rio-de-janeiro\/\" \/>\n<meta property=\"og:locale\" content=\"en_US\" \/>\n<meta property=\"og:type\" content=\"article\" \/>\n<meta property=\"og:title\" content=\"[:cs]Karneval v Rio de Janeiro 2026![:en]Carnival in Rio de Janeiro 2026![:] - ViBrasil Samba show\" \/>\n<meta property=\"og:description\" content=\"The Carnival in Rio is a dream for every samba lover \u2013 and we had the chance to experience it to the fullest once again. Six dancers from Vibrasil Samba Show had the incredible honor of becoming part of one of the greatest spectacles in the world &#8211; the Carnival in Rio de Janeiro. At... Read More\" \/>\n<meta property=\"og:url\" content=\"https:\/\/www.vibrasil.cz\/en\/carnival-in-rio-de-janeiro\/\" \/>\n<meta property=\"og:site_name\" content=\"ViBrasil Samba show\" \/>\n<meta property=\"article:publisher\" content=\"https:\/\/www.facebook.com\/vibrasil.sambashow.5\" \/>\n<meta property=\"article:published_time\" content=\"2026-03-17T15:01:49+00:00\" \/>\n<meta property=\"article:modified_time\" content=\"2026-03-17T15:09:33+00:00\" \/>\n<meta property=\"og:image\" content=\"https:\/\/www.vibrasil.cz\/wp-content\/uploads\/2026\/03\/PXL_20260214_021150226.MP_.jpg-scaled.jpeg\" \/>\n\t<meta property=\"og:image:width\" content=\"2560\" \/>\n\t<meta property=\"og:image:height\" content=\"2514\" \/>\n\t<meta property=\"og:image:type\" content=\"image\/jpeg\" \/>\n<meta name=\"author\" content=\"Vendula\" \/>\n<meta name=\"twitter:card\" content=\"summary_large_image\" \/>\n<meta name=\"twitter:label1\" content=\"Written by\" \/>\n\t<meta name=\"twitter:data1\" content=\"Vendula\" \/>\n\t<meta name=\"twitter:label2\" content=\"Est. reading time\" \/>\n\t<meta name=\"twitter:data2\" content=\"2 minutes\" \/>\n<script type=\"application\/ld+json\" class=\"yoast-schema-graph\">{\"@context\":\"https:\/\/schema.org\",\"@graph\":[{\"@type\":\"Article\",\"@id\":\"https:\/\/www.vibrasil.cz\/en\/carnival-in-rio-de-janeiro\/#article\",\"isPartOf\":{\"@id\":\"https:\/\/www.vibrasil.cz\/en\/carnival-in-rio-de-janeiro\/\"},\"author\":{\"name\":\"Vendula\",\"@id\":\"https:\/\/www.vibrasil.cz\/#\/schema\/person\/3ac018b478b2b866ec90f99e04dfe862\"},\"headline\":\"Carnival in Rio de Janeiro 2026!\",\"datePublished\":\"2026-03-17T15:01:49+00:00\",\"dateModified\":\"2026-03-17T15:09:33+00:00\",\"mainEntityOfPage\":{\"@id\":\"https:\/\/www.vibrasil.cz\/en\/carnival-in-rio-de-janeiro\/\"},\"wordCount\":381,\"publisher\":{\"@id\":\"https:\/\/www.vibrasil.cz\/#organization\"},\"image\":{\"@id\":\"https:\/\/www.vibrasil.cz\/en\/carnival-in-rio-de-janeiro\/#primaryimage\"},\"thumbnailUrl\":\"https:\/\/www.vibrasil.cz\/wp-content\/uploads\/2026\/03\/PXL_20260214_021150226.MP_.jpg-scaled.jpeg\",\"keywords\":[\"CarnavalSpin\",\"carnival\",\"dream come true\",\"Inocentes de Belford Roxo\",\"Rio de Janeiro\",\"vibrasil samba show\"],\"articleSection\":[\"Neza\u0159azen\u00e9\"],\"inLanguage\":\"en-US\"},{\"@type\":\"WebPage\",\"@id\":\"https:\/\/www.vibrasil.cz\/en\/carnival-in-rio-de-janeiro\/\",\"url\":\"https:\/\/www.vibrasil.cz\/en\/carnival-in-rio-de-janeiro\/\",\"name\":\"[:cs]Karneval v Rio de Janeiro 2026![:en]Carnival in Rio de Janeiro 2026![:] - ViBrasil Samba show\",\"isPartOf\":{\"@id\":\"https:\/\/www.vibrasil.cz\/#website\"},\"primaryImageOfPage\":{\"@id\":\"https:\/\/www.vibrasil.cz\/en\/carnival-in-rio-de-janeiro\/#primaryimage\"},\"image\":{\"@id\":\"https:\/\/www.vibrasil.cz\/en\/carnival-in-rio-de-janeiro\/#primaryimage\"},\"thumbnailUrl\":\"https:\/\/www.vibrasil.cz\/wp-content\/uploads\/2026\/03\/PXL_20260214_021150226.MP_.jpg-scaled.jpeg\",\"datePublished\":\"2026-03-17T15:01:49+00:00\",\"dateModified\":\"2026-03-17T15:09:33+00:00\",\"breadcrumb\":{\"@id\":\"https:\/\/www.vibrasil.cz\/en\/carnival-in-rio-de-janeiro\/#breadcrumb\"},\"inLanguage\":\"en-US\",\"potentialAction\":[{\"@type\":\"ReadAction\",\"target\":[\"https:\/\/www.vibrasil.cz\/en\/carnival-in-rio-de-janeiro\/\"]}]},{\"@type\":\"ImageObject\",\"inLanguage\":\"en-US\",\"@id\":\"https:\/\/www.vibrasil.cz\/en\/carnival-in-rio-de-janeiro\/#primaryimage\",\"url\":\"https:\/\/www.vibrasil.cz\/wp-content\/uploads\/2026\/03\/PXL_20260214_021150226.MP_.jpg-scaled.jpeg\",\"contentUrl\":\"https:\/\/www.vibrasil.cz\/wp-content\/uploads\/2026\/03\/PXL_20260214_021150226.MP_.jpg-scaled.jpeg\",\"width\":2560,\"height\":2514},{\"@type\":\"BreadcrumbList\",\"@id\":\"https:\/\/www.vibrasil.cz\/en\/carnival-in-rio-de-janeiro\/#breadcrumb\",\"itemListElement\":[{\"@type\":\"ListItem\",\"position\":1,\"name\":\"Home\",\"item\":\"https:\/\/www.vibrasil.cz\/\"},{\"@type\":\"ListItem\",\"position\":2,\"name\":\"Carnival in Rio de Janeiro 2026!\"}]},{\"@type\":\"WebSite\",\"@id\":\"https:\/\/www.vibrasil.cz\/#website\",\"url\":\"https:\/\/www.vibrasil.cz\/\",\"name\":\"ViBrasil Samba show\",\"description\":\"Dal\u0161\u00ed web pou\u017e\u00edvaj\u00edc\u00ed WordPress\",\"publisher\":{\"@id\":\"https:\/\/www.vibrasil.cz\/#organization\"},\"potentialAction\":[{\"@type\":\"SearchAction\",\"target\":{\"@type\":\"EntryPoint\",\"urlTemplate\":\"https:\/\/www.vibrasil.cz\/?s={search_term_string}\"},\"query-input\":{\"@type\":\"PropertyValueSpecification\",\"valueRequired\":true,\"valueName\":\"search_term_string\"}}],\"inLanguage\":\"en-US\"},{\"@type\":\"Organization\",\"@id\":\"https:\/\/www.vibrasil.cz\/#organization\",\"name\":\"Vibrasil Samba Show\",\"url\":\"https:\/\/www.vibrasil.cz\/\",\"logo\":{\"@type\":\"ImageObject\",\"inLanguage\":\"en-US\",\"@id\":\"https:\/\/www.vibrasil.cz\/#\/schema\/logo\/image\/\",\"url\":\"https:\/\/www.vibrasil.cz\/wp-content\/uploads\/2016\/10\/logo-200-trans.png\",\"contentUrl\":\"https:\/\/www.vibrasil.cz\/wp-content\/uploads\/2016\/10\/logo-200-trans.png\",\"width\":200,\"height\":180,\"caption\":\"Vibrasil Samba Show\"},\"image\":{\"@id\":\"https:\/\/www.vibrasil.cz\/#\/schema\/logo\/image\/\"},\"sameAs\":[\"https:\/\/www.facebook.com\/vibrasil.sambashow.5\",\"https:\/\/www.instagram.com\/vibrasilsambashow\/\"]},{\"@type\":\"Person\",\"@id\":\"https:\/\/www.vibrasil.cz\/#\/schema\/person\/3ac018b478b2b866ec90f99e04dfe862\",\"name\":\"Vendula\",\"image\":{\"@type\":\"ImageObject\",\"inLanguage\":\"en-US\",\"@id\":\"https:\/\/www.vibrasil.cz\/#\/schema\/person\/image\/\",\"url\":\"https:\/\/secure.gravatar.com\/avatar\/305d46914f4d840c09464af638c32843?s=96&d=mm&r=g\",\"contentUrl\":\"https:\/\/secure.gravatar.com\/avatar\/305d46914f4d840c09464af638c32843?s=96&d=mm&r=g\",\"caption\":\"Vendula\"},\"url\":\"https:\/\/www.vibrasil.cz\/en\/author\/vendula\/\"}]}<\/script>\n<!-- \/ Yoast SEO plugin. -->","yoast_head_json":{"title":"[:cs]Karneval v Rio de Janeiro 2026![:en]Carnival in Rio de Janeiro 2026![:] - ViBrasil Samba show","robots":{"index":"index","follow":"follow","max-snippet":"max-snippet:-1","max-image-preview":"max-image-preview:large","max-video-preview":"max-video-preview:-1"},"canonical":"https:\/\/www.vibrasil.cz\/en\/carnival-in-rio-de-janeiro\/","og_locale":"en_US","og_type":"article","og_title":"[:cs]Karneval v Rio de Janeiro 2026![:en]Carnival in Rio de Janeiro 2026![:] - ViBrasil Samba show","og_description":"The Carnival in Rio is a dream for every samba lover \u2013 and we had the chance to experience it to the fullest once again. Six dancers from Vibrasil Samba Show had the incredible honor of becoming part of one of the greatest spectacles in the world &#8211; the Carnival in Rio de Janeiro. At... Read More","og_url":"https:\/\/www.vibrasil.cz\/en\/carnival-in-rio-de-janeiro\/","og_site_name":"ViBrasil Samba show","article_publisher":"https:\/\/www.facebook.com\/vibrasil.sambashow.5","article_published_time":"2026-03-17T15:01:49+00:00","article_modified_time":"2026-03-17T15:09:33+00:00","og_image":[{"width":2560,"height":2514,"url":"https:\/\/www.vibrasil.cz\/wp-content\/uploads\/2026\/03\/PXL_20260214_021150226.MP_.jpg-scaled.jpeg","type":"image\/jpeg"}],"author":"Vendula","twitter_card":"summary_large_image","twitter_misc":{"Written by":"Vendula","Est. reading time":"2 minutes"},"schema":{"@context":"https:\/\/schema.org","@graph":[{"@type":"Article","@id":"https:\/\/www.vibrasil.cz\/en\/carnival-in-rio-de-janeiro\/#article","isPartOf":{"@id":"https:\/\/www.vibrasil.cz\/en\/carnival-in-rio-de-janeiro\/"},"author":{"name":"Vendula","@id":"https:\/\/www.vibrasil.cz\/#\/schema\/person\/3ac018b478b2b866ec90f99e04dfe862"},"headline":"Carnival in Rio de Janeiro 2026!","datePublished":"2026-03-17T15:01:49+00:00","dateModified":"2026-03-17T15:09:33+00:00","mainEntityOfPage":{"@id":"https:\/\/www.vibrasil.cz\/en\/carnival-in-rio-de-janeiro\/"},"wordCount":381,"publisher":{"@id":"https:\/\/www.vibrasil.cz\/#organization"},"image":{"@id":"https:\/\/www.vibrasil.cz\/en\/carnival-in-rio-de-janeiro\/#primaryimage"},"thumbnailUrl":"https:\/\/www.vibrasil.cz\/wp-content\/uploads\/2026\/03\/PXL_20260214_021150226.MP_.jpg-scaled.jpeg","keywords":["CarnavalSpin","carnival","dream come true","Inocentes de Belford Roxo","Rio de Janeiro","vibrasil samba show"],"articleSection":["Neza\u0159azen\u00e9"],"inLanguage":"en-US"},{"@type":"WebPage","@id":"https:\/\/www.vibrasil.cz\/en\/carnival-in-rio-de-janeiro\/","url":"https:\/\/www.vibrasil.cz\/en\/carnival-in-rio-de-janeiro\/","name":"[:cs]Karneval v Rio de Janeiro 2026![:en]Carnival in Rio de Janeiro 2026![:] - ViBrasil Samba show","isPartOf":{"@id":"https:\/\/www.vibrasil.cz\/#website"},"primaryImageOfPage":{"@id":"https:\/\/www.vibrasil.cz\/en\/carnival-in-rio-de-janeiro\/#primaryimage"},"image":{"@id":"https:\/\/www.vibrasil.cz\/en\/carnival-in-rio-de-janeiro\/#primaryimage"},"thumbnailUrl":"https:\/\/www.vibrasil.cz\/wp-content\/uploads\/2026\/03\/PXL_20260214_021150226.MP_.jpg-scaled.jpeg","datePublished":"2026-03-17T15:01:49+00:00","dateModified":"2026-03-17T15:09:33+00:00","breadcrumb":{"@id":"https:\/\/www.vibrasil.cz\/en\/carnival-in-rio-de-janeiro\/#breadcrumb"},"inLanguage":"en-US","potentialAction":[{"@type":"ReadAction","target":["https:\/\/www.vibrasil.cz\/en\/carnival-in-rio-de-janeiro\/"]}]},{"@type":"ImageObject","inLanguage":"en-US","@id":"https:\/\/www.vibrasil.cz\/en\/carnival-in-rio-de-janeiro\/#primaryimage","url":"https:\/\/www.vibrasil.cz\/wp-content\/uploads\/2026\/03\/PXL_20260214_021150226.MP_.jpg-scaled.jpeg","contentUrl":"https:\/\/www.vibrasil.cz\/wp-content\/uploads\/2026\/03\/PXL_20260214_021150226.MP_.jpg-scaled.jpeg","width":2560,"height":2514},{"@type":"BreadcrumbList","@id":"https:\/\/www.vibrasil.cz\/en\/carnival-in-rio-de-janeiro\/#breadcrumb","itemListElement":[{"@type":"ListItem","position":1,"name":"Home","item":"https:\/\/www.vibrasil.cz\/"},{"@type":"ListItem","position":2,"name":"Carnival in Rio de Janeiro 2026!"}]},{"@type":"WebSite","@id":"https:\/\/www.vibrasil.cz\/#website","url":"https:\/\/www.vibrasil.cz\/","name":"ViBrasil Samba show","description":"Dal\u0161\u00ed web pou\u017e\u00edvaj\u00edc\u00ed WordPress","publisher":{"@id":"https:\/\/www.vibrasil.cz\/#organization"},"potentialAction":[{"@type":"SearchAction","target":{"@type":"EntryPoint","urlTemplate":"https:\/\/www.vibrasil.cz\/?s={search_term_string}"},"query-input":{"@type":"PropertyValueSpecification","valueRequired":true,"valueName":"search_term_string"}}],"inLanguage":"en-US"},{"@type":"Organization","@id":"https:\/\/www.vibrasil.cz\/#organization","name":"Vibrasil Samba Show","url":"https:\/\/www.vibrasil.cz\/","logo":{"@type":"ImageObject","inLanguage":"en-US","@id":"https:\/\/www.vibrasil.cz\/#\/schema\/logo\/image\/","url":"https:\/\/www.vibrasil.cz\/wp-content\/uploads\/2016\/10\/logo-200-trans.png","contentUrl":"https:\/\/www.vibrasil.cz\/wp-content\/uploads\/2016\/10\/logo-200-trans.png","width":200,"height":180,"caption":"Vibrasil Samba Show"},"image":{"@id":"https:\/\/www.vibrasil.cz\/#\/schema\/logo\/image\/"},"sameAs":["https:\/\/www.facebook.com\/vibrasil.sambashow.5","https:\/\/www.instagram.com\/vibrasilsambashow\/"]},{"@type":"Person","@id":"https:\/\/www.vibrasil.cz\/#\/schema\/person\/3ac018b478b2b866ec90f99e04dfe862","name":"Vendula","image":{"@type":"ImageObject","inLanguage":"en-US","@id":"https:\/\/www.vibrasil.cz\/#\/schema\/person\/image\/","url":"https:\/\/secure.gravatar.com\/avatar\/305d46914f4d840c09464af638c32843?s=96&d=mm&r=g","contentUrl":"https:\/\/secure.gravatar.com\/avatar\/305d46914f4d840c09464af638c32843?s=96&d=mm&r=g","caption":"Vendula"},"url":"https:\/\/www.vibrasil.cz\/en\/author\/vendula\/"}]}},"_links":{"self":[{"href":"https:\/\/www.vibrasil.cz\/en\/wp-json\/wp\/v2\/posts\/6066"}],"collection":[{"href":"https:\/\/www.vibrasil.cz\/en\/wp-json\/wp\/v2\/posts"}],"about":[{"href":"https:\/\/www.vibrasil.cz\/en\/wp-json\/wp\/v2\/types\/post"}],"author":[{"embeddable":true,"href":"https:\/\/www.vibrasil.cz\/en\/wp-json\/wp\/v2\/users\/7"}],"replies":[{"embeddable":true,"href":"https:\/\/www.vibrasil.cz\/en\/wp-json\/wp\/v2\/comments?post=6066"}],"version-history":[{"count":3,"href":"https:\/\/www.vibrasil.cz\/en\/wp-json\/wp\/v2\/posts\/6066\/revisions"}],"predecessor-version":[{"id":6070,"href":"https:\/\/www.vibrasil.cz\/en\/wp-json\/wp\/v2\/posts\/6066\/revisions\/6070"}],"wp:featuredmedia":[{"embeddable":true,"href":"https:\/\/www.vibrasil.cz\/en\/wp-json\/wp\/v2\/media\/6067"}],"wp:attachment":[{"href":"https:\/\/www.vibrasil.cz\/en\/wp-json\/wp\/v2\/media?parent=6066"}],"wp:term":[{"taxonomy":"category","embeddable":true,"href":"https:\/\/www.vibrasil.cz\/en\/wp-json\/wp\/v2\/categories?post=6066"},{"taxonomy":"post_tag","embeddable":true,"href":"https:\/\/www.vibrasil.cz\/en\/wp-json\/wp\/v2\/tags?post=6066"}],"curies":[{"name":"wp","href":"https:\/\/api.w.org\/{rel}","templated":true}]}}